{"id":1578,"date":"2019-06-12T13:08:08","date_gmt":"2019-06-12T11:08:08","guid":{"rendered":"https:\/\/www.sndiffusion.fr\/blog\/week-end-exceptionnel-au-circuit-dalbi-75eme\/"},"modified":"2024-04-30T11:16:50","modified_gmt":"2024-04-30T09:16:50","slug":"week-end-exceptionnel-au-circuit-dalbi-75eme","status":"publish","type":"post","link":"https:\/\/www.sndiffusion.fr\/blog\/week-end-exceptionnel-au-circuit-dalbi-75eme\/","title":{"rendered":"Week-end Exceptionnel au circuit d&rsquo;Albi"},"content":{"rendered":"<div class=\"et_pb_slider et_pb_slider_fullwidth_off et_pb_gallery_post_type\">\n\t\t\t\t<div class=\"et_pb_slides\">\n\t\t\t\t\t<div class=\"et_pb_slide\" style=\"background: url(https:\/\/www.sndiffusion.fr\/blog\/wp-content\/uploads\/2019\/06\/tumblr_pszltkR1Q11rl4y28o1_1280-1.jpg);\"><\/div>\n\t\t\t\t<\/div>\n\t\t\t<\/div>\n<h4>75\u00e8me Grand Prix d&rsquo;Albi <\/h4>\n<p>Le weekend du 15 et 16 juin accueillera en effet les plus de 300 v\u00e9hicules qui concourront pour le Championnat de France Historique des Circuits.<\/p>\n<h2>UNE TRADITION DEPUIS 1933 !<\/h2>\n<p>Une comp\u00e9tition au palmar\u00e8s prestigieux, cr\u00e9\u00e9e en 1933 sur l\u2019ancien circuit des Planques, le Grand Prix d\u2019Albi a longtemps attir\u00e9 \u00e0 lui les plus grands champions automobile. De Tazio Nuvolari et Jean-Manuel Fangio \u00e0 Jim Clark ou Jackie Stewart, ils y ont \u00e9crit d\u2019immenses pages d\u2019histoire, dont le souvenir rena\u00eet aujourd\u2019hui sous l\u2019\u00e9gide de l\u2019Historic Tour, l\u2019actuel Championnat de France Historique des Circuits.<\/p>\n<p>Initi\u00e9e l\u2019an pass\u00e9, cette renaissance du Grand Prix d\u2019Albi au format des comp\u00e9titions historiques contemporaines a imm\u00e9diatement trouv\u00e9 son public. Dans une aussi chaude ambiance, l\u2019Historic Tour investit \u00e0 nouveau le circuit du S\u00e9questre en ce mois de juin et y fera d\u00e9filer en courses plus de 300 anciennes autos de comp\u00e9tition dans le cadre de la 75\u00e8me \u00e9dition du Grand Prix.<\/p>\n<h2>LA PARADE DU CENTRE VILLE D\u2019ALBI<\/h2>\n<figure class=\"tmblr-full\" data-orig-height=\"1600\" data-orig-width=\"2400\"><img decoding=\"async\" src=\"https:\/\/66.media.tumblr.com\/24bcdd866d94fe2c5d07abe15d74f864\/tumblr_inline_pszlzhGvJG1ra4xj5_540.jpg\" data-orig-height=\"1600\" data-orig-width=\"2400\" \/><\/figure>\n<figure class=\"tmblr-full\" data-orig-height=\"1600\" data-orig-width=\"2400\"><img decoding=\"async\" src=\"https:\/\/66.media.tumblr.com\/a624909af975f38389516f979c43f906\/tumblr_inline_pszlzh2hWh1ra4xj5_540.jpg\" data-orig-height=\"1600\" data-orig-width=\"2400\" \/><\/figure>\n<p>D\u00e8s le jeudi 13 juin vers 18h, les pilotes arpenteront les rues de la cit\u00e9 d\u2019Albi au volant de leurs illustres autos pour partager leur passion du sport automobile.<br \/>\nDans un esprit convivial, les passants pourront admirer les diff\u00e9rentes autos et partager quelques instants avec les pilotes qui s\u2019\u00e9lanceront samedi et dimanche sur la piste du circuit.<\/p>\n<h2>LE SHOW A\u00c9RIEN AU DESSUS DE LA PISTE<\/h2>\n<figure class=\"tmblr-full\" data-orig-height=\"1365\" data-orig-width=\"2048\"><img decoding=\"async\" src=\"https:\/\/66.media.tumblr.com\/d1199f9d8eb5764320e98a2b951c8447\/tumblr_inline_pszm02pXyt1ra4xj5_540.jpg\" data-orig-height=\"1365\" data-orig-width=\"2048\" \/><\/figure>\n<p>Le samedi comme le dimanche, des shows a\u00e9riens viendront s\u2019intercaler dans le d\u00e9roul\u00e9 des courses dans la grande tradition des comp\u00e9titions autos d\u2019avant-guerre. Sensations garanties !<br \/>\nSans oublier les nombreuse animations tout au long du weekend :<\/p>\n<ul>\n<li>L\u2019exposition de voitures anciennes<\/li>\n<li>De nombreuses animations pour les enfants<\/li>\n<li>Restauration et village exposants<\/li>\n<\/ul>\n<figure class=\"tmblr-full\" data-orig-height=\"1365\" data-orig-width=\"2048\"><img decoding=\"async\" src=\"https:\/\/66.media.tumblr.com\/a4e96557db6f04be9cadfa1d253f41f5\/tumblr_inline_pszm0kn6A81ra4xj5_540.jpg\" data-orig-height=\"1365\" data-orig-width=\"2048\" \/><\/figure>\n<figure class=\"tmblr-full\" data-orig-height=\"1365\" data-orig-width=\"2048\"><img decoding=\"async\" src=\"https:\/\/66.media.tumblr.com\/cbc0aaf8fd5442c173f2494e9b57be92\/tumblr_inline_pszm0kdymb1ra4xj5_540.jpg\" data-orig-height=\"1365\" data-orig-width=\"2048\" \/><\/figure>\n<p>Pour plus d\u2019infos : <br \/>\n\u2192 <a href=\"https:\/\/www.facebook.com\/events\/315040002448443\/\">https:\/\/www.facebook.com\/events\/315040002448443\/<\/a> <br \/>\u2192 <a href=\"https:\/\/www.circuit-albi.fr\/\">https:\/\/www.circuit-albi.fr\/<\/a><\/p>\n","protected":false},"excerpt":{"rendered":"<p>75\u00e8me Grand Prix d&rsquo;Albi Le weekend du 15 et 16 juin accueillera en effet les plus de 300 v\u00e9hicules qui concourront pour le Championnat de France Historique des Circuits. UNE TRADITION DEPUIS 1933 ! Une comp\u00e9tition au palmar\u00e8s prestigieux, cr\u00e9\u00e9e en 1933 sur l\u2019ancien circuit des Planques, le Grand Prix d\u2019Albi a longtemps attir\u00e9 \u00e0 [&hellip;]<\/p>\n","protected":false},"author":1,"featured_media":1579,"comment_status":"open","ping_status":"open","sticky":false,"template":"","format":"standard","meta":{"_et_pb_use_builder":"","_et_pb_old_content":"","_et_gb_content_width":"","footnotes":""},"categories":[349],"tags":[],"class_list":["post-1578","post","type-post","status-publish","format-standard","has-post-thumbnail","hentry","category-la-pause"],"yoast_head":"<!-- This site is optimized with the Yoast SEO plugin v27.5 - https:\/\/yoast.com\/product\/yoast-seo-wordpress\/ -->\n<title>Week-end Exceptionnel au circuit d&#039;Albi - actualit\u00e9 automobile par SN Diffusion<\/title>\n<meta name=\"description\" content=\"D\u00e9couvrez cette actualit\u00e9 intitul\u00e9 Week-end Exceptionnel au circuit d&#039;Albi, propos\u00e9e par SN Diffusion, retrouvez \u00e9galement toutes les actualit\u00e9s automobiles, les derni\u00e8res news des constructeurs et du groupe SN Diffusion.\" \/>\n<meta name=\"robots\" content=\"index, follow, max-snippet:-1, max-image-preview:large, max-video-preview:-1\" \/>\n<link rel=\"canonical\" href=\"https:\/\/www.sndiffusion.fr\/blog\/week-end-exceptionnel-au-circuit-dalbi-75eme\/\" \/>\n<meta property=\"og:locale\" content=\"fr_FR\" \/>\n<meta property=\"og:type\" content=\"article\" \/>\n<meta property=\"og:title\" content=\"Week-end Exceptionnel au circuit d&#039;Albi - actualit\u00e9 automobile par SN Diffusion\" \/>\n<meta property=\"og:description\" content=\"D\u00e9couvrez cette actualit\u00e9 intitul\u00e9 Week-end Exceptionnel au circuit d&#039;Albi, propos\u00e9e par SN Diffusion, retrouvez \u00e9galement toutes les actualit\u00e9s automobiles, les derni\u00e8res news des constructeurs et du groupe SN Diffusion.\" \/>\n<meta property=\"og:url\" content=\"https:\/\/www.sndiffusion.fr\/blog\/week-end-exceptionnel-au-circuit-dalbi-75eme\/\" \/>\n<meta property=\"og:site_name\" content=\"SN Diffusion\" \/>\n<meta property=\"article:published_time\" content=\"2019-06-12T11:08:08+00:00\" \/>\n<meta property=\"article:modified_time\" content=\"2024-04-30T09:16:50+00:00\" \/>\n<meta property=\"og:image\" content=\"https:\/\/www.sndiffusion.fr\/blog\/wp-content\/uploads\/2019\/06\/tumblr_pszltkR1Q11rl4y28o1_1280-1.jpg\" \/>\n\t<meta property=\"og:image:width\" content=\"1280\" \/>\n\t<meta property=\"og:image:height\" content=\"320\" \/>\n\t<meta property=\"og:image:type\" content=\"image\/jpeg\" \/>\n<meta name=\"author\" content=\"admin\" \/>\n<meta name=\"twitter:card\" content=\"summary_large_image\" \/>\n<meta name=\"twitter:label1\" content=\"\u00c9crit par\" \/>\n\t<meta name=\"twitter:data1\" content=\"admin\" \/>\n\t<meta name=\"twitter:label2\" content=\"Dur\u00e9e de lecture estim\u00e9e\" \/>\n\t<meta name=\"twitter:data2\" content=\"2 minutes\" \/>\n<script type=\"application\/ld+json\" class=\"yoast-schema-graph\">{\"@context\":\"https:\\\/\\\/schema.org\",\"@graph\":[{\"@type\":\"Article\",\"@id\":\"https:\\\/\\\/www.sndiffusion.fr\\\/blog\\\/week-end-exceptionnel-au-circuit-dalbi-75eme\\\/#article\",\"isPartOf\":{\"@id\":\"https:\\\/\\\/www.sndiffusion.fr\\\/blog\\\/week-end-exceptionnel-au-circuit-dalbi-75eme\\\/\"},\"author\":{\"name\":\"admin\",\"@id\":\"https:\\\/\\\/www.sndiffusion.fr\\\/blog\\\/#\\\/schema\\\/person\\\/5386638d926ebbe2dc6bf1f96ae9f255\"},\"headline\":\"Week-end Exceptionnel au circuit d&rsquo;Albi\",\"datePublished\":\"2019-06-12T11:08:08+00:00\",\"dateModified\":\"2024-04-30T09:16:50+00:00\",\"mainEntityOfPage\":{\"@id\":\"https:\\\/\\\/www.sndiffusion.fr\\\/blog\\\/week-end-exceptionnel-au-circuit-dalbi-75eme\\\/\"},\"wordCount\":321,\"commentCount\":0,\"publisher\":{\"@id\":\"https:\\\/\\\/www.sndiffusion.fr\\\/blog\\\/#organization\"},\"image\":{\"@id\":\"https:\\\/\\\/www.sndiffusion.fr\\\/blog\\\/week-end-exceptionnel-au-circuit-dalbi-75eme\\\/#primaryimage\"},\"thumbnailUrl\":\"https:\\\/\\\/www.sndiffusion.fr\\\/blog\\\/wp-content\\\/uploads\\\/2019\\\/06\\\/tumblr_pszltkR1Q11rl4y28o1_1280-1.jpg\",\"articleSection\":[\"La pause\"],\"inLanguage\":\"fr-FR\",\"potentialAction\":[{\"@type\":\"CommentAction\",\"name\":\"Comment\",\"target\":[\"https:\\\/\\\/www.sndiffusion.fr\\\/blog\\\/week-end-exceptionnel-au-circuit-dalbi-75eme\\\/#respond\"]}]},{\"@type\":\"WebPage\",\"@id\":\"https:\\\/\\\/www.sndiffusion.fr\\\/blog\\\/week-end-exceptionnel-au-circuit-dalbi-75eme\\\/\",\"url\":\"https:\\\/\\\/www.sndiffusion.fr\\\/blog\\\/week-end-exceptionnel-au-circuit-dalbi-75eme\\\/\",\"name\":\"Week-end Exceptionnel au circuit d'Albi - actualit\u00e9 automobile par SN Diffusion\",\"isPartOf\":{\"@id\":\"https:\\\/\\\/www.sndiffusion.fr\\\/blog\\\/#website\"},\"primaryImageOfPage\":{\"@id\":\"https:\\\/\\\/www.sndiffusion.fr\\\/blog\\\/week-end-exceptionnel-au-circuit-dalbi-75eme\\\/#primaryimage\"},\"image\":{\"@id\":\"https:\\\/\\\/www.sndiffusion.fr\\\/blog\\\/week-end-exceptionnel-au-circuit-dalbi-75eme\\\/#primaryimage\"},\"thumbnailUrl\":\"https:\\\/\\\/www.sndiffusion.fr\\\/blog\\\/wp-content\\\/uploads\\\/2019\\\/06\\\/tumblr_pszltkR1Q11rl4y28o1_1280-1.jpg\",\"datePublished\":\"2019-06-12T11:08:08+00:00\",\"dateModified\":\"2024-04-30T09:16:50+00:00\",\"description\":\"D\u00e9couvrez cette actualit\u00e9 intitul\u00e9 Week-end Exceptionnel au circuit d'Albi, propos\u00e9e par SN Diffusion, retrouvez \u00e9galement toutes les actualit\u00e9s automobiles, les derni\u00e8res news des constructeurs et du groupe SN Diffusion.\",\"breadcrumb\":{\"@id\":\"https:\\\/\\\/www.sndiffusion.fr\\\/blog\\\/week-end-exceptionnel-au-circuit-dalbi-75eme\\\/#breadcrumb\"},\"inLanguage\":\"fr-FR\",\"potentialAction\":[{\"@type\":\"ReadAction\",\"target\":[\"https:\\\/\\\/www.sndiffusion.fr\\\/blog\\\/week-end-exceptionnel-au-circuit-dalbi-75eme\\\/\"]}]},{\"@type\":\"ImageObject\",\"inLanguage\":\"fr-FR\",\"@id\":\"https:\\\/\\\/www.sndiffusion.fr\\\/blog\\\/week-end-exceptionnel-au-circuit-dalbi-75eme\\\/#primaryimage\",\"url\":\"https:\\\/\\\/www.sndiffusion.fr\\\/blog\\\/wp-content\\\/uploads\\\/2019\\\/06\\\/tumblr_pszltkR1Q11rl4y28o1_1280-1.jpg\",\"contentUrl\":\"https:\\\/\\\/www.sndiffusion.fr\\\/blog\\\/wp-content\\\/uploads\\\/2019\\\/06\\\/tumblr_pszltkR1Q11rl4y28o1_1280-1.jpg\",\"width\":1280,\"height\":320},{\"@type\":\"BreadcrumbList\",\"@id\":\"https:\\\/\\\/www.sndiffusion.fr\\\/blog\\\/week-end-exceptionnel-au-circuit-dalbi-75eme\\\/#breadcrumb\",\"itemListElement\":[{\"@type\":\"ListItem\",\"position\":1,\"name\":\"Accueil\",\"item\":\"https:\\\/\\\/www.sndiffusion.fr\\\/blog\\\/\"},{\"@type\":\"ListItem\",\"position\":2,\"name\":\"Week-end Exceptionnel au circuit d&rsquo;Albi\"}]},{\"@type\":\"WebSite\",\"@id\":\"https:\\\/\\\/www.sndiffusion.fr\\\/blog\\\/#website\",\"url\":\"https:\\\/\\\/www.sndiffusion.fr\\\/blog\\\/\",\"name\":\"SN Diffusion\",\"description\":\"Le plus grand choix au meilleur prix\",\"publisher\":{\"@id\":\"https:\\\/\\\/www.sndiffusion.fr\\\/blog\\\/#organization\"},\"potentialAction\":[{\"@type\":\"SearchAction\",\"target\":{\"@type\":\"EntryPoint\",\"urlTemplate\":\"https:\\\/\\\/www.sndiffusion.fr\\\/blog\\\/?s={search_term_string}\"},\"query-input\":{\"@type\":\"PropertyValueSpecification\",\"valueRequired\":true,\"valueName\":\"search_term_string\"}}],\"inLanguage\":\"fr-FR\"},{\"@type\":\"Organization\",\"@id\":\"https:\\\/\\\/www.sndiffusion.fr\\\/blog\\\/#organization\",\"name\":\"SN Diffusion\",\"url\":\"https:\\\/\\\/www.sndiffusion.fr\\\/blog\\\/\",\"logo\":{\"@type\":\"ImageObject\",\"inLanguage\":\"fr-FR\",\"@id\":\"https:\\\/\\\/www.sndiffusion.fr\\\/blog\\\/#\\\/schema\\\/logo\\\/image\\\/\",\"url\":\"https:\\\/\\\/www.sndiffusion.fr\\\/blog\\\/wp-content\\\/uploads\\\/2020\\\/04\\\/logo-png-2018-blanc-1204x562-1.png\",\"contentUrl\":\"https:\\\/\\\/www.sndiffusion.fr\\\/blog\\\/wp-content\\\/uploads\\\/2020\\\/04\\\/logo-png-2018-blanc-1204x562-1.png\",\"width\":1204,\"height\":562,\"caption\":\"SN Diffusion\"},\"image\":{\"@id\":\"https:\\\/\\\/www.sndiffusion.fr\\\/blog\\\/#\\\/schema\\\/logo\\\/image\\\/\"}},{\"@type\":\"Person\",\"@id\":\"https:\\\/\\\/www.sndiffusion.fr\\\/blog\\\/#\\\/schema\\\/person\\\/5386638d926ebbe2dc6bf1f96ae9f255\",\"name\":\"admin\",\"image\":{\"@type\":\"ImageObject\",\"inLanguage\":\"fr-FR\",\"@id\":\"https:\\\/\\\/secure.gravatar.com\\\/avatar\\\/14fed848a50d2f1736dc14723dcb1a6fa3b528ebc92eec8354d70f1278380ddd?s=96&d=mm&r=g\",\"url\":\"https:\\\/\\\/secure.gravatar.com\\\/avatar\\\/14fed848a50d2f1736dc14723dcb1a6fa3b528ebc92eec8354d70f1278380ddd?s=96&d=mm&r=g\",\"contentUrl\":\"https:\\\/\\\/secure.gravatar.com\\\/avatar\\\/14fed848a50d2f1736dc14723dcb1a6fa3b528ebc92eec8354d70f1278380ddd?s=96&d=mm&r=g\",\"caption\":\"admin\"},\"sameAs\":[\"https:\\\/\\\/www.sndiffusion.fr\\\/blog\"]}]}<\/script>\n<!-- \/ Yoast SEO plugin. -->","yoast_head_json":{"title":"Week-end Exceptionnel au circuit d'Albi - actualit\u00e9 automobile par SN Diffusion","description":"D\u00e9couvrez cette actualit\u00e9 intitul\u00e9 Week-end Exceptionnel au circuit d'Albi, propos\u00e9e par SN Diffusion, retrouvez \u00e9galement toutes les actualit\u00e9s automobiles, les derni\u00e8res news des constructeurs et du groupe SN Diffusion.","robots":{"index":"index","follow":"follow","max-snippet":"max-snippet:-1","max-image-preview":"max-image-preview:large","max-video-preview":"max-video-preview:-1"},"canonical":"https:\/\/www.sndiffusion.fr\/blog\/week-end-exceptionnel-au-circuit-dalbi-75eme\/","og_locale":"fr_FR","og_type":"article","og_title":"Week-end Exceptionnel au circuit d'Albi - actualit\u00e9 automobile par SN Diffusion","og_description":"D\u00e9couvrez cette actualit\u00e9 intitul\u00e9 Week-end Exceptionnel au circuit d'Albi, propos\u00e9e par SN Diffusion, retrouvez \u00e9galement toutes les actualit\u00e9s automobiles, les derni\u00e8res news des constructeurs et du groupe SN Diffusion.","og_url":"https:\/\/www.sndiffusion.fr\/blog\/week-end-exceptionnel-au-circuit-dalbi-75eme\/","og_site_name":"SN Diffusion","article_published_time":"2019-06-12T11:08:08+00:00","article_modified_time":"2024-04-30T09:16:50+00:00","og_image":[{"width":1280,"height":320,"url":"https:\/\/www.sndiffusion.fr\/blog\/wp-content\/uploads\/2019\/06\/tumblr_pszltkR1Q11rl4y28o1_1280-1.jpg","type":"image\/jpeg"}],"author":"admin","twitter_card":"summary_large_image","twitter_misc":{"\u00c9crit par":"admin","Dur\u00e9e de lecture estim\u00e9e":"2 minutes"},"schema":{"@context":"https:\/\/schema.org","@graph":[{"@type":"Article","@id":"https:\/\/www.sndiffusion.fr\/blog\/week-end-exceptionnel-au-circuit-dalbi-75eme\/#article","isPartOf":{"@id":"https:\/\/www.sndiffusion.fr\/blog\/week-end-exceptionnel-au-circuit-dalbi-75eme\/"},"author":{"name":"admin","@id":"https:\/\/www.sndiffusion.fr\/blog\/#\/schema\/person\/5386638d926ebbe2dc6bf1f96ae9f255"},"headline":"Week-end Exceptionnel au circuit d&rsquo;Albi","datePublished":"2019-06-12T11:08:08+00:00","dateModified":"2024-04-30T09:16:50+00:00","mainEntityOfPage":{"@id":"https:\/\/www.sndiffusion.fr\/blog\/week-end-exceptionnel-au-circuit-dalbi-75eme\/"},"wordCount":321,"commentCount":0,"publisher":{"@id":"https:\/\/www.sndiffusion.fr\/blog\/#organization"},"image":{"@id":"https:\/\/www.sndiffusion.fr\/blog\/week-end-exceptionnel-au-circuit-dalbi-75eme\/#primaryimage"},"thumbnailUrl":"https:\/\/www.sndiffusion.fr\/blog\/wp-content\/uploads\/2019\/06\/tumblr_pszltkR1Q11rl4y28o1_1280-1.jpg","articleSection":["La pause"],"inLanguage":"fr-FR","potentialAction":[{"@type":"CommentAction","name":"Comment","target":["https:\/\/www.sndiffusion.fr\/blog\/week-end-exceptionnel-au-circuit-dalbi-75eme\/#respond"]}]},{"@type":"WebPage","@id":"https:\/\/www.sndiffusion.fr\/blog\/week-end-exceptionnel-au-circuit-dalbi-75eme\/","url":"https:\/\/www.sndiffusion.fr\/blog\/week-end-exceptionnel-au-circuit-dalbi-75eme\/","name":"Week-end Exceptionnel au circuit d'Albi - actualit\u00e9 automobile par SN Diffusion","isPartOf":{"@id":"https:\/\/www.sndiffusion.fr\/blog\/#website"},"primaryImageOfPage":{"@id":"https:\/\/www.sndiffusion.fr\/blog\/week-end-exceptionnel-au-circuit-dalbi-75eme\/#primaryimage"},"image":{"@id":"https:\/\/www.sndiffusion.fr\/blog\/week-end-exceptionnel-au-circuit-dalbi-75eme\/#primaryimage"},"thumbnailUrl":"https:\/\/www.sndiffusion.fr\/blog\/wp-content\/uploads\/2019\/06\/tumblr_pszltkR1Q11rl4y28o1_1280-1.jpg","datePublished":"2019-06-12T11:08:08+00:00","dateModified":"2024-04-30T09:16:50+00:00","description":"D\u00e9couvrez cette actualit\u00e9 intitul\u00e9 Week-end Exceptionnel au circuit d'Albi, propos\u00e9e par SN Diffusion, retrouvez \u00e9galement toutes les actualit\u00e9s automobiles, les derni\u00e8res news des constructeurs et du groupe SN Diffusion.","breadcrumb":{"@id":"https:\/\/www.sndiffusion.fr\/blog\/week-end-exceptionnel-au-circuit-dalbi-75eme\/#breadcrumb"},"inLanguage":"fr-FR","potentialAction":[{"@type":"ReadAction","target":["https:\/\/www.sndiffusion.fr\/blog\/week-end-exceptionnel-au-circuit-dalbi-75eme\/"]}]},{"@type":"ImageObject","inLanguage":"fr-FR","@id":"https:\/\/www.sndiffusion.fr\/blog\/week-end-exceptionnel-au-circuit-dalbi-75eme\/#primaryimage","url":"https:\/\/www.sndiffusion.fr\/blog\/wp-content\/uploads\/2019\/06\/tumblr_pszltkR1Q11rl4y28o1_1280-1.jpg","contentUrl":"https:\/\/www.sndiffusion.fr\/blog\/wp-content\/uploads\/2019\/06\/tumblr_pszltkR1Q11rl4y28o1_1280-1.jpg","width":1280,"height":320},{"@type":"BreadcrumbList","@id":"https:\/\/www.sndiffusion.fr\/blog\/week-end-exceptionnel-au-circuit-dalbi-75eme\/#breadcrumb","itemListElement":[{"@type":"ListItem","position":1,"name":"Accueil","item":"https:\/\/www.sndiffusion.fr\/blog\/"},{"@type":"ListItem","position":2,"name":"Week-end Exceptionnel au circuit d&rsquo;Albi"}]},{"@type":"WebSite","@id":"https:\/\/www.sndiffusion.fr\/blog\/#website","url":"https:\/\/www.sndiffusion.fr\/blog\/","name":"SN Diffusion","description":"Le plus grand choix au meilleur prix","publisher":{"@id":"https:\/\/www.sndiffusion.fr\/blog\/#organization"},"potentialAction":[{"@type":"SearchAction","target":{"@type":"EntryPoint","urlTemplate":"https:\/\/www.sndiffusion.fr\/blog\/?s={search_term_string}"},"query-input":{"@type":"PropertyValueSpecification","valueRequired":true,"valueName":"search_term_string"}}],"inLanguage":"fr-FR"},{"@type":"Organization","@id":"https:\/\/www.sndiffusion.fr\/blog\/#organization","name":"SN Diffusion","url":"https:\/\/www.sndiffusion.fr\/blog\/","logo":{"@type":"ImageObject","inLanguage":"fr-FR","@id":"https:\/\/www.sndiffusion.fr\/blog\/#\/schema\/logo\/image\/","url":"https:\/\/www.sndiffusion.fr\/blog\/wp-content\/uploads\/2020\/04\/logo-png-2018-blanc-1204x562-1.png","contentUrl":"https:\/\/www.sndiffusion.fr\/blog\/wp-content\/uploads\/2020\/04\/logo-png-2018-blanc-1204x562-1.png","width":1204,"height":562,"caption":"SN Diffusion"},"image":{"@id":"https:\/\/www.sndiffusion.fr\/blog\/#\/schema\/logo\/image\/"}},{"@type":"Person","@id":"https:\/\/www.sndiffusion.fr\/blog\/#\/schema\/person\/5386638d926ebbe2dc6bf1f96ae9f255","name":"admin","image":{"@type":"ImageObject","inLanguage":"fr-FR","@id":"https:\/\/secure.gravatar.com\/avatar\/14fed848a50d2f1736dc14723dcb1a6fa3b528ebc92eec8354d70f1278380ddd?s=96&d=mm&r=g","url":"https:\/\/secure.gravatar.com\/avatar\/14fed848a50d2f1736dc14723dcb1a6fa3b528ebc92eec8354d70f1278380ddd?s=96&d=mm&r=g","contentUrl":"https:\/\/secure.gravatar.com\/avatar\/14fed848a50d2f1736dc14723dcb1a6fa3b528ebc92eec8354d70f1278380ddd?s=96&d=mm&r=g","caption":"admin"},"sameAs":["https:\/\/www.sndiffusion.fr\/blog"]}]}},"_links":{"self":[{"href":"https:\/\/www.sndiffusion.fr\/blog\/wp-json\/wp\/v2\/posts\/1578","targetHints":{"allow":["GET"]}}],"collection":[{"href":"https:\/\/www.sndiffusion.fr\/blog\/wp-json\/wp\/v2\/posts"}],"about":[{"href":"https:\/\/www.sndiffusion.fr\/blog\/wp-json\/wp\/v2\/types\/post"}],"author":[{"embeddable":true,"href":"https:\/\/www.sndiffusion.fr\/blog\/wp-json\/wp\/v2\/users\/1"}],"replies":[{"embeddable":true,"href":"https:\/\/www.sndiffusion.fr\/blog\/wp-json\/wp\/v2\/comments?post=1578"}],"version-history":[{"count":3,"href":"https:\/\/www.sndiffusion.fr\/blog\/wp-json\/wp\/v2\/posts\/1578\/revisions"}],"predecessor-version":[{"id":3676,"href":"https:\/\/www.sndiffusion.fr\/blog\/wp-json\/wp\/v2\/posts\/1578\/revisions\/3676"}],"wp:featuredmedia":[{"embeddable":true,"href":"https:\/\/www.sndiffusion.fr\/blog\/wp-json\/wp\/v2\/media\/1579"}],"wp:attachment":[{"href":"https:\/\/www.sndiffusion.fr\/blog\/wp-json\/wp\/v2\/media?parent=1578"}],"wp:term":[{"taxonomy":"category","embeddable":true,"href":"https:\/\/www.sndiffusion.fr\/blog\/wp-json\/wp\/v2\/categories?post=1578"},{"taxonomy":"post_tag","embeddable":true,"href":"https:\/\/www.sndiffusion.fr\/blog\/wp-json\/wp\/v2\/tags?post=1578"}],"curies":[{"name":"wp","href":"https:\/\/api.w.org\/{rel}","templated":true}]}}