{"id":1666,"date":"2016-07-05T13:51:10","date_gmt":"2016-07-05T13:51:10","guid":{"rendered":"https:\/\/www.sndiffusion.fr\/blog\/motorsport-albi-festival-2016\/"},"modified":"2024-04-30T11:16:51","modified_gmt":"2024-04-30T09:16:51","slug":"motorsport-albi-festival-2016","status":"publish","type":"post","link":"https:\/\/www.sndiffusion.fr\/blog\/motorsport-albi-festival-2016\/","title":{"rendered":"Motorsport Albi Festival 2016"},"content":{"rendered":"<div class=\"et_pb_slider et_pb_slider_fullwidth_off et_pb_gallery_post_type\">\n\t\t\t\t<div class=\"et_pb_slides\">\n\t\t\t\t\t<div class=\"et_pb_slide\" style=\"background: url(https:\/\/www.sndiffusion.fr\/blog\/wp-content\/uploads\/2016\/07\/tumblr_o9ugyfuvZa1rl4y28o1_1280-1.jpg);\"><\/div><div class=\"et_pb_slide\" style=\"background: url(https:\/\/www.sndiffusion.fr\/blog\/wp-content\/uploads\/2016\/07\/tumblr_o9ugyfuvZa1rl4y28o2_1280-1.jpg);\"><\/div><div class=\"et_pb_slide\" style=\"background: url(https:\/\/www.sndiffusion.fr\/blog\/wp-content\/uploads\/2016\/07\/tumblr_o9ugyfuvZa1rl4y28o4_1280-1.jpg);\"><\/div><div class=\"et_pb_slide\" style=\"background: url(https:\/\/www.sndiffusion.fr\/blog\/wp-content\/uploads\/2016\/07\/tumblr_o9ugyfuvZa1rl4y28o3_1280-1.jpg);\"><\/div><div class=\"et_pb_slide\" style=\"background: url(https:\/\/www.sndiffusion.fr\/blog\/wp-content\/uploads\/2016\/07\/tumblr_o9ugyfuvZa1rl4y28o5_1280-1.jpg);\"><\/div><div class=\"et_pb_slide\" style=\"background: url(https:\/\/www.sndiffusion.fr\/blog\/wp-content\/uploads\/2016\/07\/tumblr_o9ugyfuvZa1rl4y28o6_1280-1.jpg);\"><\/div><div class=\"et_pb_slide\" style=\"background: url(https:\/\/www.sndiffusion.fr\/blog\/wp-content\/uploads\/2016\/07\/tumblr_o9ugyfuvZa1rl4y28o7_1280-1.jpg);\"><\/div><div class=\"et_pb_slide\" style=\"background: url(https:\/\/www.sndiffusion.fr\/blog\/wp-content\/uploads\/2016\/07\/tumblr_o9ugyfuvZa1rl4y28o8_1280-1.jpg);\"><\/div><div class=\"et_pb_slide\" style=\"background: url(https:\/\/www.sndiffusion.fr\/blog\/wp-content\/uploads\/2016\/07\/tumblr_o9ugyfuvZa1rl4y28o9_1280-1.jpg);\"><\/div><div class=\"et_pb_slide\" style=\"background: url(https:\/\/www.sndiffusion.fr\/blog\/wp-content\/uploads\/2016\/07\/tumblr_o9ugyfuvZa1rl4y28o10_1280-1.jpg);\"><\/div>\n\t\t\t\t<\/div>\n\t\t\t<\/div>\n<h4>Ils ont mis tout le monde d\u2019accord<\/h4>\n<p>Souvenir du premier <a href=\"http:\/\/motorsport-festival.com\/\">MAF<\/a> (Motorsport Albi Festival)<br \/>\nSamedi 02 et Dimanche 03 juillet, avait lieu le 1er Motorsport Albi Festival, au <a href=\"http:\/\/www.circuit-albi.fr\/\">circuit d\u2019Albi<\/a>.<\/p>\n<p>Sur un concept original, Les concurrents ont 3 tours pour battre le record de leur cat\u00e9gorie (Formule 1, Midjet, Super Motard, Camion, &hellip; plus de 40 en tout !).<br \/>Le parc et les pilotes sont accessibles \u00e0 tous, pour discuter, \u00e9changer et voir les bolides de tr\u00e8s (tr\u00e8s) pr\u00e8s.<\/p>\n<p>Un week-end de course d\u2019enfer, avec du show, des spectacles et du soleil.<br \/>\nAri Vatanen s&rsquo;est pr\u00e9t\u00e9 au jeu, au volant de la Mitjet Offroad, un grand moment \ud83d\ude42<\/p>\n<blockquote><p>\nUn grand merci \u00e0 Bernard pour les vid\u00e9os &amp; les photos !\n<\/p><\/blockquote>\n<\/p><\/p>\n","protected":false},"excerpt":{"rendered":"<p>Ils ont mis tout le monde d\u2019accord Souvenir du premier MAF (Motorsport Albi Festival) Samedi 02 et Dimanche 03 juillet, avait lieu le 1er Motorsport Albi Festival, au circuit d\u2019Albi. Sur un concept original, Les concurrents ont 3 tours pour battre le record de leur cat\u00e9gorie (Formule 1, Midjet, Super Motard, Camion, &hellip; plus de [&hellip;]<\/p>\n","protected":false},"author":1,"featured_media":1667,"comment_status":"open","ping_status":"open","sticky":false,"template":"","format":"standard","meta":{"_et_pb_use_builder":"","_et_pb_old_content":"","_et_gb_content_width":"","footnotes":""},"categories":[349,4],"tags":[37,57,65,64,31,25,18],"class_list":["post-1666","post","type-post","status-publish","format-standard","has-post-thumbnail","hentry","category-la-pause","category-non-classe","tag-albi","tag-circuit-albi","tag-course","tag-maf2016","tag-photos","tag-sndiffusion","tag-video"],"yoast_head":"<!-- This site is optimized with the Yoast SEO plugin v27.5 - https:\/\/yoast.com\/product\/yoast-seo-wordpress\/ -->\n<title>Motorsport Albi Festival 2016 - actualit\u00e9 automobile par SN Diffusion<\/title>\n<meta name=\"description\" content=\"D\u00e9couvrez cette actualit\u00e9 intitul\u00e9 Motorsport Albi Festival 2016, propos\u00e9e par SN Diffusion, retrouvez \u00e9galement toutes les actualit\u00e9s automobiles, les derni\u00e8res news des constructeurs et du groupe SN Diffusion.\" \/>\n<meta name=\"robots\" content=\"index, follow, max-snippet:-1, max-image-preview:large, max-video-preview:-1\" \/>\n<link rel=\"canonical\" href=\"https:\/\/www.sndiffusion.fr\/blog\/motorsport-albi-festival-2016\/\" \/>\n<meta property=\"og:locale\" content=\"fr_FR\" \/>\n<meta property=\"og:type\" content=\"article\" \/>\n<meta property=\"og:title\" content=\"Motorsport Albi Festival 2016 - actualit\u00e9 automobile par SN Diffusion\" \/>\n<meta property=\"og:description\" content=\"D\u00e9couvrez cette actualit\u00e9 intitul\u00e9 Motorsport Albi Festival 2016, propos\u00e9e par SN Diffusion, retrouvez \u00e9galement toutes les actualit\u00e9s automobiles, les derni\u00e8res news des constructeurs et du groupe SN Diffusion.\" \/>\n<meta property=\"og:url\" content=\"https:\/\/www.sndiffusion.fr\/blog\/motorsport-albi-festival-2016\/\" \/>\n<meta property=\"og:site_name\" content=\"SN Diffusion\" \/>\n<meta property=\"article:published_time\" content=\"2016-07-05T13:51:10+00:00\" \/>\n<meta property=\"article:modified_time\" content=\"2024-04-30T09:16:51+00:00\" \/>\n<meta property=\"og:image\" content=\"https:\/\/www.sndiffusion.fr\/blog\/wp-content\/uploads\/2016\/07\/tumblr_o9ugyfuvZa1rl4y28o1_1280-1.jpg\" \/>\n\t<meta property=\"og:image:width\" content=\"1200\" \/>\n\t<meta property=\"og:image:height\" content=\"676\" \/>\n\t<meta property=\"og:image:type\" content=\"image\/jpeg\" \/>\n<meta name=\"author\" content=\"admin\" \/>\n<meta name=\"twitter:card\" content=\"summary_large_image\" \/>\n<meta name=\"twitter:label1\" content=\"\u00c9crit par\" \/>\n\t<meta name=\"twitter:data1\" content=\"admin\" \/>\n\t<meta name=\"twitter:label2\" content=\"Dur\u00e9e de lecture estim\u00e9e\" \/>\n\t<meta name=\"twitter:data2\" content=\"1 minute\" \/>\n<script type=\"application\/ld+json\" class=\"yoast-schema-graph\">{\"@context\":\"https:\\\/\\\/schema.org\",\"@graph\":[{\"@type\":\"Article\",\"@id\":\"https:\\\/\\\/www.sndiffusion.fr\\\/blog\\\/motorsport-albi-festival-2016\\\/#article\",\"isPartOf\":{\"@id\":\"https:\\\/\\\/www.sndiffusion.fr\\\/blog\\\/motorsport-albi-festival-2016\\\/\"},\"author\":{\"name\":\"admin\",\"@id\":\"https:\\\/\\\/www.sndiffusion.fr\\\/blog\\\/#\\\/schema\\\/person\\\/5386638d926ebbe2dc6bf1f96ae9f255\"},\"headline\":\"Motorsport Albi Festival 2016\",\"datePublished\":\"2016-07-05T13:51:10+00:00\",\"dateModified\":\"2024-04-30T09:16:51+00:00\",\"mainEntityOfPage\":{\"@id\":\"https:\\\/\\\/www.sndiffusion.fr\\\/blog\\\/motorsport-albi-festival-2016\\\/\"},\"wordCount\":123,\"commentCount\":0,\"publisher\":{\"@id\":\"https:\\\/\\\/www.sndiffusion.fr\\\/blog\\\/#organization\"},\"image\":{\"@id\":\"https:\\\/\\\/www.sndiffusion.fr\\\/blog\\\/motorsport-albi-festival-2016\\\/#primaryimage\"},\"thumbnailUrl\":\"https:\\\/\\\/www.sndiffusion.fr\\\/blog\\\/wp-content\\\/uploads\\\/2016\\\/07\\\/tumblr_o9ugyfuvZa1rl4y28o1_1280-1.jpg\",\"keywords\":[\"albi\",\"Circuit albi\",\"course\",\"maf2016\",\"photos\",\"sndiffusion\",\"Vid\u00e9o\"],\"articleSection\":[\"La pause\"],\"inLanguage\":\"fr-FR\",\"potentialAction\":[{\"@type\":\"CommentAction\",\"name\":\"Comment\",\"target\":[\"https:\\\/\\\/www.sndiffusion.fr\\\/blog\\\/motorsport-albi-festival-2016\\\/#respond\"]}]},{\"@type\":\"WebPage\",\"@id\":\"https:\\\/\\\/www.sndiffusion.fr\\\/blog\\\/motorsport-albi-festival-2016\\\/\",\"url\":\"https:\\\/\\\/www.sndiffusion.fr\\\/blog\\\/motorsport-albi-festival-2016\\\/\",\"name\":\"Motorsport Albi Festival 2016 - actualit\u00e9 automobile par SN Diffusion\",\"isPartOf\":{\"@id\":\"https:\\\/\\\/www.sndiffusion.fr\\\/blog\\\/#website\"},\"primaryImageOfPage\":{\"@id\":\"https:\\\/\\\/www.sndiffusion.fr\\\/blog\\\/motorsport-albi-festival-2016\\\/#primaryimage\"},\"image\":{\"@id\":\"https:\\\/\\\/www.sndiffusion.fr\\\/blog\\\/motorsport-albi-festival-2016\\\/#primaryimage\"},\"thumbnailUrl\":\"https:\\\/\\\/www.sndiffusion.fr\\\/blog\\\/wp-content\\\/uploads\\\/2016\\\/07\\\/tumblr_o9ugyfuvZa1rl4y28o1_1280-1.jpg\",\"datePublished\":\"2016-07-05T13:51:10+00:00\",\"dateModified\":\"2024-04-30T09:16:51+00:00\",\"description\":\"D\u00e9couvrez cette actualit\u00e9 intitul\u00e9 Motorsport Albi Festival 2016, propos\u00e9e par SN Diffusion, retrouvez \u00e9galement toutes les actualit\u00e9s automobiles, les derni\u00e8res news des constructeurs et du groupe SN Diffusion.\",\"breadcrumb\":{\"@id\":\"https:\\\/\\\/www.sndiffusion.fr\\\/blog\\\/motorsport-albi-festival-2016\\\/#breadcrumb\"},\"inLanguage\":\"fr-FR\",\"potentialAction\":[{\"@type\":\"ReadAction\",\"target\":[\"https:\\\/\\\/www.sndiffusion.fr\\\/blog\\\/motorsport-albi-festival-2016\\\/\"]}]},{\"@type\":\"ImageObject\",\"inLanguage\":\"fr-FR\",\"@id\":\"https:\\\/\\\/www.sndiffusion.fr\\\/blog\\\/motorsport-albi-festival-2016\\\/#primaryimage\",\"url\":\"https:\\\/\\\/www.sndiffusion.fr\\\/blog\\\/wp-content\\\/uploads\\\/2016\\\/07\\\/tumblr_o9ugyfuvZa1rl4y28o1_1280-1.jpg\",\"contentUrl\":\"https:\\\/\\\/www.sndiffusion.fr\\\/blog\\\/wp-content\\\/uploads\\\/2016\\\/07\\\/tumblr_o9ugyfuvZa1rl4y28o1_1280-1.jpg\",\"width\":1200,\"height\":676},{\"@type\":\"BreadcrumbList\",\"@id\":\"https:\\\/\\\/www.sndiffusion.fr\\\/blog\\\/motorsport-albi-festival-2016\\\/#breadcrumb\",\"itemListElement\":[{\"@type\":\"ListItem\",\"position\":1,\"name\":\"Accueil\",\"item\":\"https:\\\/\\\/www.sndiffusion.fr\\\/blog\\\/\"},{\"@type\":\"ListItem\",\"position\":2,\"name\":\"Motorsport Albi Festival 2016\"}]},{\"@type\":\"WebSite\",\"@id\":\"https:\\\/\\\/www.sndiffusion.fr\\\/blog\\\/#website\",\"url\":\"https:\\\/\\\/www.sndiffusion.fr\\\/blog\\\/\",\"name\":\"SN Diffusion\",\"description\":\"Le plus grand choix au meilleur prix\",\"publisher\":{\"@id\":\"https:\\\/\\\/www.sndiffusion.fr\\\/blog\\\/#organization\"},\"potentialAction\":[{\"@type\":\"SearchAction\",\"target\":{\"@type\":\"EntryPoint\",\"urlTemplate\":\"https:\\\/\\\/www.sndiffusion.fr\\\/blog\\\/?s={search_term_string}\"},\"query-input\":{\"@type\":\"PropertyValueSpecification\",\"valueRequired\":true,\"valueName\":\"search_term_string\"}}],\"inLanguage\":\"fr-FR\"},{\"@type\":\"Organization\",\"@id\":\"https:\\\/\\\/www.sndiffusion.fr\\\/blog\\\/#organization\",\"name\":\"SN Diffusion\",\"url\":\"https:\\\/\\\/www.sndiffusion.fr\\\/blog\\\/\",\"logo\":{\"@type\":\"ImageObject\",\"inLanguage\":\"fr-FR\",\"@id\":\"https:\\\/\\\/www.sndiffusion.fr\\\/blog\\\/#\\\/schema\\\/logo\\\/image\\\/\",\"url\":\"https:\\\/\\\/www.sndiffusion.fr\\\/blog\\\/wp-content\\\/uploads\\\/2020\\\/04\\\/logo-png-2018-blanc-1204x562-1.png\",\"contentUrl\":\"https:\\\/\\\/www.sndiffusion.fr\\\/blog\\\/wp-content\\\/uploads\\\/2020\\\/04\\\/logo-png-2018-blanc-1204x562-1.png\",\"width\":1204,\"height\":562,\"caption\":\"SN Diffusion\"},\"image\":{\"@id\":\"https:\\\/\\\/www.sndiffusion.fr\\\/blog\\\/#\\\/schema\\\/logo\\\/image\\\/\"}},{\"@type\":\"Person\",\"@id\":\"https:\\\/\\\/www.sndiffusion.fr\\\/blog\\\/#\\\/schema\\\/person\\\/5386638d926ebbe2dc6bf1f96ae9f255\",\"name\":\"admin\",\"image\":{\"@type\":\"ImageObject\",\"inLanguage\":\"fr-FR\",\"@id\":\"https:\\\/\\\/secure.gravatar.com\\\/avatar\\\/14fed848a50d2f1736dc14723dcb1a6fa3b528ebc92eec8354d70f1278380ddd?s=96&d=mm&r=g\",\"url\":\"https:\\\/\\\/secure.gravatar.com\\\/avatar\\\/14fed848a50d2f1736dc14723dcb1a6fa3b528ebc92eec8354d70f1278380ddd?s=96&d=mm&r=g\",\"contentUrl\":\"https:\\\/\\\/secure.gravatar.com\\\/avatar\\\/14fed848a50d2f1736dc14723dcb1a6fa3b528ebc92eec8354d70f1278380ddd?s=96&d=mm&r=g\",\"caption\":\"admin\"},\"sameAs\":[\"https:\\\/\\\/www.sndiffusion.fr\\\/blog\"]}]}<\/script>\n<!-- \/ Yoast SEO plugin. -->","yoast_head_json":{"title":"Motorsport Albi Festival 2016 - actualit\u00e9 automobile par SN Diffusion","description":"D\u00e9couvrez cette actualit\u00e9 intitul\u00e9 Motorsport Albi Festival 2016, propos\u00e9e par SN Diffusion, retrouvez \u00e9galement toutes les actualit\u00e9s automobiles, les derni\u00e8res news des constructeurs et du groupe SN Diffusion.","robots":{"index":"index","follow":"follow","max-snippet":"max-snippet:-1","max-image-preview":"max-image-preview:large","max-video-preview":"max-video-preview:-1"},"canonical":"https:\/\/www.sndiffusion.fr\/blog\/motorsport-albi-festival-2016\/","og_locale":"fr_FR","og_type":"article","og_title":"Motorsport Albi Festival 2016 - actualit\u00e9 automobile par SN Diffusion","og_description":"D\u00e9couvrez cette actualit\u00e9 intitul\u00e9 Motorsport Albi Festival 2016, propos\u00e9e par SN Diffusion, retrouvez \u00e9galement toutes les actualit\u00e9s automobiles, les derni\u00e8res news des constructeurs et du groupe SN Diffusion.","og_url":"https:\/\/www.sndiffusion.fr\/blog\/motorsport-albi-festival-2016\/","og_site_name":"SN Diffusion","article_published_time":"2016-07-05T13:51:10+00:00","article_modified_time":"2024-04-30T09:16:51+00:00","og_image":[{"width":1200,"height":676,"url":"https:\/\/www.sndiffusion.fr\/blog\/wp-content\/uploads\/2016\/07\/tumblr_o9ugyfuvZa1rl4y28o1_1280-1.jpg","type":"image\/jpeg"}],"author":"admin","twitter_card":"summary_large_image","twitter_misc":{"\u00c9crit par":"admin","Dur\u00e9e de lecture estim\u00e9e":"1 minute"},"schema":{"@context":"https:\/\/schema.org","@graph":[{"@type":"Article","@id":"https:\/\/www.sndiffusion.fr\/blog\/motorsport-albi-festival-2016\/#article","isPartOf":{"@id":"https:\/\/www.sndiffusion.fr\/blog\/motorsport-albi-festival-2016\/"},"author":{"name":"admin","@id":"https:\/\/www.sndiffusion.fr\/blog\/#\/schema\/person\/5386638d926ebbe2dc6bf1f96ae9f255"},"headline":"Motorsport Albi Festival 2016","datePublished":"2016-07-05T13:51:10+00:00","dateModified":"2024-04-30T09:16:51+00:00","mainEntityOfPage":{"@id":"https:\/\/www.sndiffusion.fr\/blog\/motorsport-albi-festival-2016\/"},"wordCount":123,"commentCount":0,"publisher":{"@id":"https:\/\/www.sndiffusion.fr\/blog\/#organization"},"image":{"@id":"https:\/\/www.sndiffusion.fr\/blog\/motorsport-albi-festival-2016\/#primaryimage"},"thumbnailUrl":"https:\/\/www.sndiffusion.fr\/blog\/wp-content\/uploads\/2016\/07\/tumblr_o9ugyfuvZa1rl4y28o1_1280-1.jpg","keywords":["albi","Circuit albi","course","maf2016","photos","sndiffusion","Vid\u00e9o"],"articleSection":["La pause"],"inLanguage":"fr-FR","potentialAction":[{"@type":"CommentAction","name":"Comment","target":["https:\/\/www.sndiffusion.fr\/blog\/motorsport-albi-festival-2016\/#respond"]}]},{"@type":"WebPage","@id":"https:\/\/www.sndiffusion.fr\/blog\/motorsport-albi-festival-2016\/","url":"https:\/\/www.sndiffusion.fr\/blog\/motorsport-albi-festival-2016\/","name":"Motorsport Albi Festival 2016 - actualit\u00e9 automobile par SN Diffusion","isPartOf":{"@id":"https:\/\/www.sndiffusion.fr\/blog\/#website"},"primaryImageOfPage":{"@id":"https:\/\/www.sndiffusion.fr\/blog\/motorsport-albi-festival-2016\/#primaryimage"},"image":{"@id":"https:\/\/www.sndiffusion.fr\/blog\/motorsport-albi-festival-2016\/#primaryimage"},"thumbnailUrl":"https:\/\/www.sndiffusion.fr\/blog\/wp-content\/uploads\/2016\/07\/tumblr_o9ugyfuvZa1rl4y28o1_1280-1.jpg","datePublished":"2016-07-05T13:51:10+00:00","dateModified":"2024-04-30T09:16:51+00:00","description":"D\u00e9couvrez cette actualit\u00e9 intitul\u00e9 Motorsport Albi Festival 2016, propos\u00e9e par SN Diffusion, retrouvez \u00e9galement toutes les actualit\u00e9s automobiles, les derni\u00e8res news des constructeurs et du groupe SN Diffusion.","breadcrumb":{"@id":"https:\/\/www.sndiffusion.fr\/blog\/motorsport-albi-festival-2016\/#breadcrumb"},"inLanguage":"fr-FR","potentialAction":[{"@type":"ReadAction","target":["https:\/\/www.sndiffusion.fr\/blog\/motorsport-albi-festival-2016\/"]}]},{"@type":"ImageObject","inLanguage":"fr-FR","@id":"https:\/\/www.sndiffusion.fr\/blog\/motorsport-albi-festival-2016\/#primaryimage","url":"https:\/\/www.sndiffusion.fr\/blog\/wp-content\/uploads\/2016\/07\/tumblr_o9ugyfuvZa1rl4y28o1_1280-1.jpg","contentUrl":"https:\/\/www.sndiffusion.fr\/blog\/wp-content\/uploads\/2016\/07\/tumblr_o9ugyfuvZa1rl4y28o1_1280-1.jpg","width":1200,"height":676},{"@type":"BreadcrumbList","@id":"https:\/\/www.sndiffusion.fr\/blog\/motorsport-albi-festival-2016\/#breadcrumb","itemListElement":[{"@type":"ListItem","position":1,"name":"Accueil","item":"https:\/\/www.sndiffusion.fr\/blog\/"},{"@type":"ListItem","position":2,"name":"Motorsport Albi Festival 2016"}]},{"@type":"WebSite","@id":"https:\/\/www.sndiffusion.fr\/blog\/#website","url":"https:\/\/www.sndiffusion.fr\/blog\/","name":"SN Diffusion","description":"Le plus grand choix au meilleur prix","publisher":{"@id":"https:\/\/www.sndiffusion.fr\/blog\/#organization"},"potentialAction":[{"@type":"SearchAction","target":{"@type":"EntryPoint","urlTemplate":"https:\/\/www.sndiffusion.fr\/blog\/?s={search_term_string}"},"query-input":{"@type":"PropertyValueSpecification","valueRequired":true,"valueName":"search_term_string"}}],"inLanguage":"fr-FR"},{"@type":"Organization","@id":"https:\/\/www.sndiffusion.fr\/blog\/#organization","name":"SN Diffusion","url":"https:\/\/www.sndiffusion.fr\/blog\/","logo":{"@type":"ImageObject","inLanguage":"fr-FR","@id":"https:\/\/www.sndiffusion.fr\/blog\/#\/schema\/logo\/image\/","url":"https:\/\/www.sndiffusion.fr\/blog\/wp-content\/uploads\/2020\/04\/logo-png-2018-blanc-1204x562-1.png","contentUrl":"https:\/\/www.sndiffusion.fr\/blog\/wp-content\/uploads\/2020\/04\/logo-png-2018-blanc-1204x562-1.png","width":1204,"height":562,"caption":"SN Diffusion"},"image":{"@id":"https:\/\/www.sndiffusion.fr\/blog\/#\/schema\/logo\/image\/"}},{"@type":"Person","@id":"https:\/\/www.sndiffusion.fr\/blog\/#\/schema\/person\/5386638d926ebbe2dc6bf1f96ae9f255","name":"admin","image":{"@type":"ImageObject","inLanguage":"fr-FR","@id":"https:\/\/secure.gravatar.com\/avatar\/14fed848a50d2f1736dc14723dcb1a6fa3b528ebc92eec8354d70f1278380ddd?s=96&d=mm&r=g","url":"https:\/\/secure.gravatar.com\/avatar\/14fed848a50d2f1736dc14723dcb1a6fa3b528ebc92eec8354d70f1278380ddd?s=96&d=mm&r=g","contentUrl":"https:\/\/secure.gravatar.com\/avatar\/14fed848a50d2f1736dc14723dcb1a6fa3b528ebc92eec8354d70f1278380ddd?s=96&d=mm&r=g","caption":"admin"},"sameAs":["https:\/\/www.sndiffusion.fr\/blog"]}]}},"_links":{"self":[{"href":"https:\/\/www.sndiffusion.fr\/blog\/wp-json\/wp\/v2\/posts\/1666","targetHints":{"allow":["GET"]}}],"collection":[{"href":"https:\/\/www.sndiffusion.fr\/blog\/wp-json\/wp\/v2\/posts"}],"about":[{"href":"https:\/\/www.sndiffusion.fr\/blog\/wp-json\/wp\/v2\/types\/post"}],"author":[{"embeddable":true,"href":"https:\/\/www.sndiffusion.fr\/blog\/wp-json\/wp\/v2\/users\/1"}],"replies":[{"embeddable":true,"href":"https:\/\/www.sndiffusion.fr\/blog\/wp-json\/wp\/v2\/comments?post=1666"}],"version-history":[{"count":1,"href":"https:\/\/www.sndiffusion.fr\/blog\/wp-json\/wp\/v2\/posts\/1666\/revisions"}],"predecessor-version":[{"id":3696,"href":"https:\/\/www.sndiffusion.fr\/blog\/wp-json\/wp\/v2\/posts\/1666\/revisions\/3696"}],"wp:featuredmedia":[{"embeddable":true,"href":"https:\/\/www.sndiffusion.fr\/blog\/wp-json\/wp\/v2\/media\/1667"}],"wp:attachment":[{"href":"https:\/\/www.sndiffusion.fr\/blog\/wp-json\/wp\/v2\/media?parent=1666"}],"wp:term":[{"taxonomy":"category","embeddable":true,"href":"https:\/\/www.sndiffusion.fr\/blog\/wp-json\/wp\/v2\/categories?post=1666"},{"taxonomy":"post_tag","embeddable":true,"href":"https:\/\/www.sndiffusion.fr\/blog\/wp-json\/wp\/v2\/tags?post=1666"}],"curies":[{"name":"wp","href":"https:\/\/api.w.org\/{rel}","templated":true}]}}